{"id":3455,"date":"2026-01-11T20:34:39","date_gmt":"2026-01-11T19:34:39","guid":{"rendered":"https:\/\/biohof-silberberg.de\/?p=3455"},"modified":"2026-01-25T12:17:58","modified_gmt":"2026-01-25T11:17:58","slug":"pferde-pensionsplatz-ab-april-2026-frei","status":"publish","type":"post","link":"https:\/\/biohof-silberberg.de\/?p=3455","title":{"rendered":"Pferde Pensionsplatz ab April 2026 frei"},"content":{"rendered":"\n<div class=\"wp-block-columns is-layout-flex wp-container-core-columns-is-layout-28f84493 wp-block-columns-is-layout-flex\">\n<div class=\"wp-block-column is-layout-flow wp-block-column-is-layout-flow\">\n<figure class=\"wp-block-image size-large\"><img loading=\"lazy\" decoding=\"async\" width=\"1200\" height=\"900\" src=\"https:\/\/biohof-silberberg.de\/wp-content\/uploads\/2026\/01\/Frigg-und-Henry-edited-1.jpg\" alt=\"\" class=\"wp-image-3479\" srcset=\"https:\/\/biohof-silberberg.de\/wp-content\/uploads\/2026\/01\/Frigg-und-Henry-edited-1.jpg 1200w, https:\/\/biohof-silberberg.de\/wp-content\/uploads\/2026\/01\/Frigg-und-Henry-edited-1-300x225.jpg 300w, https:\/\/biohof-silberberg.de\/wp-content\/uploads\/2026\/01\/Frigg-und-Henry-edited-1-1024x768.jpg 1024w, https:\/\/biohof-silberberg.de\/wp-content\/uploads\/2026\/01\/Frigg-und-Henry-edited-1-768x576.jpg 768w, https:\/\/biohof-silberberg.de\/wp-content\/uploads\/2026\/01\/Frigg-und-Henry-edited-1-1140x855.jpg 1140w\" sizes=\"auto, (max-width: 1200px) 100vw, 1200px\" \/><\/figure>\n<\/div>\n\n\n\n<div class=\"wp-block-column is-layout-flow wp-block-column-is-layout-flow\">\n<h3 class=\"wp-block-heading has-text-align-center\">Freie Pl\u00e4tze f\u00fcr Pensionspferde bei uns am Biohof Silberberg<\/h3>\n\n\n\n<div class=\"wp-block-columns is-layout-flex wp-container-core-columns-is-layout-28f84493 wp-block-columns-is-layout-flex\">\n<div class=\"wp-block-column is-layout-flow wp-block-column-is-layout-flow\" style=\"flex-basis:33.33%\">\n<h2 class=\"wp-block-heading has-text-align-center\"><strong>Wann:<\/strong><\/h2>\n\n\n\n<h2 class=\"wp-block-heading has-text-align-center\"><strong>F\u00fcr wen:<\/strong><\/h2>\n<\/div>\n\n\n\n<div class=\"wp-block-column is-layout-flow wp-block-column-is-layout-flow\" style=\"flex-basis:66.66%\">\n<h2 class=\"wp-block-heading\">ab April 2026<\/h2>\n\n\n\n<h2 class=\"wp-block-heading\">Ponys bis Warmblutgr\u00f6\u00dfe (200\u2013600 kg)<\/h2>\n<\/div>\n<\/div>\n\n\n\n<h2 class=\"wp-block-heading has-text-align-center\"><strong><a href=\"https:\/\/biohof-silberberg.de\/wp-content\/uploads\/2025\/04\/Preisstaffelung-Pension.pdf\" data-type=\"attachment\" data-id=\"3305\">Preise<\/a><\/strong><\/h2>\n<\/div>\n<\/div>\n\n\n\n<h3 class=\"wp-block-heading has-text-align-center\">Was wir bieten:<\/h3>\n\n\n\n<p>Reine Weidehaltung in einer altersgemischten Herde. Aktuell besteht die Herde aus einem knapp 6-j\u00e4hrigen Shettywallach, zwei Isi-Jungstuten (Jahrgang 2024), acht erwachsenen Isistuten sowie einer 5-j\u00e4hrigen Berberstute. Alle Pferde sind barhuf.<br>Wechselnde Koppeln vom Fr\u00fchjahr bis in den Winter in Altbulach und der n\u00e4heren Umgebung.<\/p>\n\n\n\n<ul class=\"wp-block-list\">\n<li>Fester Winterstandort auf einer Winterkoppel mit:<\/li>\n\n\n\n<li>Heuf\u00fctterung im Winter<\/li>\n\n\n\n<li>durchdachtem Matschmanagement mit Stroh und Hackschnitzeln<\/li>\n\n\n\n<li>Offenstall mit Paddock direkt am Hof, nutzbar w\u00e4hrend der Weidesaison bei extremer N\u00e4sse.<\/li>\n\n\n\n<li>Sattelkammer am Hof<\/li>\n<\/ul>\n\n\n\n<div class=\"wp-block-columns is-layout-flex wp-container-core-columns-is-layout-28f84493 wp-block-columns-is-layout-flex\">\n<div class=\"wp-block-column is-layout-flow wp-block-column-is-layout-flow\" style=\"flex-basis:100%\">\n<figure class=\"wp-block-gallery has-nested-images columns-default is-cropped wp-block-gallery-1 is-layout-flex wp-block-gallery-is-layout-flex\">\n<figure class=\"wp-block-image size-large\"><img loading=\"lazy\" decoding=\"async\" width=\"1024\" height=\"771\" data-id=\"3464\" src=\"https:\/\/biohof-silberberg.de\/wp-content\/uploads\/2026\/01\/Winterkoppel-1024x771.jpg\" alt=\"\" class=\"wp-image-3464\" srcset=\"https:\/\/biohof-silberberg.de\/wp-content\/uploads\/2026\/01\/Winterkoppel-1024x771.jpg 1024w, https:\/\/biohof-silberberg.de\/wp-content\/uploads\/2026\/01\/Winterkoppel-300x226.jpg 300w, https:\/\/biohof-silberberg.de\/wp-content\/uploads\/2026\/01\/Winterkoppel-768x578.jpg 768w, https:\/\/biohof-silberberg.de\/wp-content\/uploads\/2026\/01\/Winterkoppel-1536x1157.jpg 1536w, https:\/\/biohof-silberberg.de\/wp-content\/uploads\/2026\/01\/Winterkoppel-1140x858.jpg 1140w, https:\/\/biohof-silberberg.de\/wp-content\/uploads\/2026\/01\/Winterkoppel.jpg 2040w\" sizes=\"auto, (max-width: 1024px) 100vw, 1024px\" \/><\/figure>\n\n\n\n<figure class=\"wp-block-image size-large\"><img loading=\"lazy\" decoding=\"async\" width=\"1024\" height=\"771\" data-id=\"3462\" src=\"https:\/\/biohof-silberberg.de\/wp-content\/uploads\/2026\/01\/Koppelbild-6-1024x771.jpg\" alt=\"\" class=\"wp-image-3462\" srcset=\"https:\/\/biohof-silberberg.de\/wp-content\/uploads\/2026\/01\/Koppelbild-6-1024x771.jpg 1024w, https:\/\/biohof-silberberg.de\/wp-content\/uploads\/2026\/01\/Koppelbild-6-300x226.jpg 300w, https:\/\/biohof-silberberg.de\/wp-content\/uploads\/2026\/01\/Koppelbild-6-768x578.jpg 768w, https:\/\/biohof-silberberg.de\/wp-content\/uploads\/2026\/01\/Koppelbild-6-1536x1157.jpg 1536w, https:\/\/biohof-silberberg.de\/wp-content\/uploads\/2026\/01\/Koppelbild-6-1140x858.jpg 1140w, https:\/\/biohof-silberberg.de\/wp-content\/uploads\/2026\/01\/Koppelbild-6.jpg 2040w\" sizes=\"auto, (max-width: 1024px) 100vw, 1024px\" \/><\/figure>\n\n\n\n<figure class=\"wp-block-image size-large\"><img loading=\"lazy\" decoding=\"async\" width=\"1024\" height=\"771\" data-id=\"3458\" src=\"https:\/\/biohof-silberberg.de\/wp-content\/uploads\/2026\/01\/Koppelbild-2-1024x771.jpg\" alt=\"\" class=\"wp-image-3458\" srcset=\"https:\/\/biohof-silberberg.de\/wp-content\/uploads\/2026\/01\/Koppelbild-2-1024x771.jpg 1024w, https:\/\/biohof-silberberg.de\/wp-content\/uploads\/2026\/01\/Koppelbild-2-300x226.jpg 300w, https:\/\/biohof-silberberg.de\/wp-content\/uploads\/2026\/01\/Koppelbild-2-768x578.jpg 768w, https:\/\/biohof-silberberg.de\/wp-content\/uploads\/2026\/01\/Koppelbild-2-1536x1157.jpg 1536w, https:\/\/biohof-silberberg.de\/wp-content\/uploads\/2026\/01\/Koppelbild-2-1140x858.jpg 1140w, https:\/\/biohof-silberberg.de\/wp-content\/uploads\/2026\/01\/Koppelbild-2.jpg 2040w\" sizes=\"auto, (max-width: 1024px) 100vw, 1024px\" \/><\/figure>\n\n\n\n<figure class=\"wp-block-image size-large\"><img loading=\"lazy\" decoding=\"async\" width=\"1024\" height=\"771\" data-id=\"3457\" src=\"https:\/\/biohof-silberberg.de\/wp-content\/uploads\/2026\/01\/Koppelbild-1-1024x771.jpg\" alt=\"\" class=\"wp-image-3457\" srcset=\"https:\/\/biohof-silberberg.de\/wp-content\/uploads\/2026\/01\/Koppelbild-1-1024x771.jpg 1024w, https:\/\/biohof-silberberg.de\/wp-content\/uploads\/2026\/01\/Koppelbild-1-300x226.jpg 300w, https:\/\/biohof-silberberg.de\/wp-content\/uploads\/2026\/01\/Koppelbild-1-768x578.jpg 768w, https:\/\/biohof-silberberg.de\/wp-content\/uploads\/2026\/01\/Koppelbild-1-1536x1157.jpg 1536w, https:\/\/biohof-silberberg.de\/wp-content\/uploads\/2026\/01\/Koppelbild-1-1140x858.jpg 1140w, https:\/\/biohof-silberberg.de\/wp-content\/uploads\/2026\/01\/Koppelbild-1.jpg 2040w\" sizes=\"auto, (max-width: 1024px) 100vw, 1024px\" \/><\/figure>\n\n\n\n<figure class=\"wp-block-image size-large\"><img loading=\"lazy\" decoding=\"async\" width=\"1024\" height=\"485\" data-id=\"3460\" src=\"https:\/\/biohof-silberberg.de\/wp-content\/uploads\/2026\/01\/Koppelbild-4-1024x485.jpg\" alt=\"\" class=\"wp-image-3460\" srcset=\"https:\/\/biohof-silberberg.de\/wp-content\/uploads\/2026\/01\/Koppelbild-4-1024x485.jpg 1024w, https:\/\/biohof-silberberg.de\/wp-content\/uploads\/2026\/01\/Koppelbild-4-300x142.jpg 300w, https:\/\/biohof-silberberg.de\/wp-content\/uploads\/2026\/01\/Koppelbild-4-768x364.jpg 768w, https:\/\/biohof-silberberg.de\/wp-content\/uploads\/2026\/01\/Koppelbild-4-1536x728.jpg 1536w, https:\/\/biohof-silberberg.de\/wp-content\/uploads\/2026\/01\/Koppelbild-4-1140x540.jpg 1140w, https:\/\/biohof-silberberg.de\/wp-content\/uploads\/2026\/01\/Koppelbild-4.jpg 1599w\" sizes=\"auto, (max-width: 1024px) 100vw, 1024px\" \/><figcaption class=\"wp-element-caption\">ganzj\u00e4hrige Weidehaltung<\/figcaption><\/figure>\n<\/figure>\n<\/div>\n<\/div>\n\n\n\n<h3 class=\"wp-block-heading has-text-align-center\"><strong>Besonders geeignet f\u00fcr Jungpferde:<\/strong><\/h3>\n\n\n\n<p>Unsere abwechslungsreichen Koppeln \u2013 teils Hanglagen, mit und ohne Bach \u2013 bieten optimale Voraussetzungen f\u00fcr gesundes Muskelwachstum, gute Koordination und Trittsicherheit.<\/p>\n\n\n\n<p>Bei uns gibt es keine glatt geb\u00fcgelten \u201eRasenfl\u00e4chen\u201c, sondern naturnahe Wiesen, die Pferde widerstandsf\u00e4hig, ausgeglichen und gesund aufwachsen und leben lassen.<\/p>\n\n\n\n<p>Je nach Alter und Trainingsstand der Pferde gibt es die M\u00f6glichkeit, die Jungpferde phasenweise auf einer der Talkoppeln zu halten oder eben als eine gro\u00dfe Herde mit den Reitpferden zusammen. Das Weidemanagment wird st\u00e4ndig optimiert und wir sind bestrebt f\u00fcr die Pferde aber auch im Sinne der Gesunderhaltung unserer demeter-bewirtschafteten Fl\u00e4chen zu handeln.<\/p>\n\n\n\n<p>Pferdetraining, Beritt und\/oder Reitunterricht mit dem eigenen Pferd bei Marie Fr\u00fcchel, ausgebildete Pferdewirtin. Sie hat einige der selbst gez\u00fcchteten Islandpferde selbst ausgebildet.<\/p>\n\n\n\n<p>Naturboden-Ovalbahn sowie Roundpen mit Sandboden, beides direkt am Hof in Altbulach<\/p>\n\n\n\n<p>Stallnutzung im Krankheitsfall m\u00f6glich (nat\u00fcrlich inkl. Begleitpferd aus der Herde)<\/p>\n\n\n\n<div class=\"wp-block-columns is-layout-flex wp-container-core-columns-is-layout-28f84493 wp-block-columns-is-layout-flex\">\n<div class=\"wp-block-column is-layout-flow wp-block-column-is-layout-flow\">\n<figure class=\"wp-block-gallery has-nested-images columns-default is-cropped wp-block-gallery-2 is-layout-flex wp-block-gallery-is-layout-flex\">\n<figure class=\"wp-block-image size-large\"><img loading=\"lazy\" decoding=\"async\" width=\"1200\" height=\"1200\" data-id=\"3466\" src=\"https:\/\/biohof-silberberg.de\/wp-content\/uploads\/2026\/01\/Svala-und-Lilja-edited.jpg\" alt=\"\" class=\"wp-image-3466\" srcset=\"https:\/\/biohof-silberberg.de\/wp-content\/uploads\/2026\/01\/Svala-und-Lilja-edited.jpg 1200w, https:\/\/biohof-silberberg.de\/wp-content\/uploads\/2026\/01\/Svala-und-Lilja-edited-300x300.jpg 300w, https:\/\/biohof-silberberg.de\/wp-content\/uploads\/2026\/01\/Svala-und-Lilja-edited-1024x1024.jpg 1024w, https:\/\/biohof-silberberg.de\/wp-content\/uploads\/2026\/01\/Svala-und-Lilja-edited-150x150.jpg 150w, https:\/\/biohof-silberberg.de\/wp-content\/uploads\/2026\/01\/Svala-und-Lilja-edited-768x768.jpg 768w, https:\/\/biohof-silberberg.de\/wp-content\/uploads\/2026\/01\/Svala-und-Lilja-edited-1140x1140.jpg 1140w, https:\/\/biohof-silberberg.de\/wp-content\/uploads\/2026\/01\/Svala-und-Lilja-edited-75x75.jpg 75w\" sizes=\"auto, (max-width: 1200px) 100vw, 1200px\" \/><\/figure>\n<\/figure>\n<\/div>\n\n\n\n<div class=\"wp-block-column is-layout-flow wp-block-column-is-layout-flow\">\n<h3 class=\"wp-block-heading has-text-align-center\"><strong>Was wir suchen:<\/strong><\/h3>\n\n\n\n<h4 class=\"wp-block-heading has-text-align-center\">Jungpferde zur Aufzucht<\/h4>\n\n\n\n<h4 class=\"wp-block-heading has-text-align-center\">Reit- und Fahrpferde, die die traumhaften Ausreitm\u00f6glichkeiten im Nordschwarzwald genie\u00dfen m\u00f6chten<\/h4>\n<\/div>\n\n\n\n<div class=\"wp-block-column is-layout-flow wp-block-column-is-layout-flow\">\n<figure class=\"wp-block-image size-large\"><img loading=\"lazy\" decoding=\"async\" width=\"1536\" height=\"1536\" src=\"https:\/\/biohof-silberberg.de\/wp-content\/uploads\/2026\/01\/Koppelbild-3-edited.jpg\" alt=\"\" class=\"wp-image-3468\" srcset=\"https:\/\/biohof-silberberg.de\/wp-content\/uploads\/2026\/01\/Koppelbild-3-edited.jpg 1536w, https:\/\/biohof-silberberg.de\/wp-content\/uploads\/2026\/01\/Koppelbild-3-edited-300x300.jpg 300w, https:\/\/biohof-silberberg.de\/wp-content\/uploads\/2026\/01\/Koppelbild-3-edited-1024x1024.jpg 1024w, https:\/\/biohof-silberberg.de\/wp-content\/uploads\/2026\/01\/Koppelbild-3-edited-150x150.jpg 150w, https:\/\/biohof-silberberg.de\/wp-content\/uploads\/2026\/01\/Koppelbild-3-edited-768x768.jpg 768w, https:\/\/biohof-silberberg.de\/wp-content\/uploads\/2026\/01\/Koppelbild-3-edited-1140x1140.jpg 1140w, https:\/\/biohof-silberberg.de\/wp-content\/uploads\/2026\/01\/Koppelbild-3-edited-75x75.jpg 75w\" sizes=\"auto, (max-width: 1536px) 100vw, 1536px\" \/><\/figure>\n<\/div>\n<\/div>\n\n\n\n<p>Wir sind eine aufgeschlossene, harmonische Stallgemeinschaft, \u00fcberwiegend im Freizeitbereich unterwegs, und legen gro\u00dfen Wert auf ein faires, freundliches Miteinander. Bei Problemen und Unsicherheiten w\u00fcnschen wir uns eine offene Ansprache dessen. Bisher konnten wir so jedes Problem wohlwollend kl\u00e4ren.<\/p>\n\n\n\n<h1 class=\"wp-block-heading has-text-align-center\">Gerne erz\u00e4hlen wir mehr und zeigen euch unseren Hof, unsere Pferde und die Koppeln <a href=\"https:\/\/biohof-silberberg.de\/?page_id=946\" data-type=\"page\" data-id=\"946\">pers\u00f6nlich.<\/a><\/h1>\n","protected":false},"excerpt":{"rendered":"<p>Freie Pl\u00e4tze f\u00fcr Pensionspferde bei uns am Hof ab April 2026<\/p>\n","protected":false},"author":1,"featured_media":3468,"comment_status":"open","ping_status":"open","sticky":true,"template":"","format":"standard","meta":{"footnotes":""},"categories":[1],"tags":[],"class_list":["post-3455","post","type-post","status-publish","format-standard","has-post-thumbnail","hentry","category-allgemein"],"_links":{"self":[{"href":"https:\/\/biohof-silberberg.de\/index.php?rest_route=\/wp\/v2\/posts\/3455","targetHints":{"allow":["GET"]}}],"collection":[{"href":"https:\/\/biohof-silberberg.de\/index.php?rest_route=\/wp\/v2\/posts"}],"about":[{"href":"https:\/\/biohof-silberberg.de\/index.php?rest_route=\/wp\/v2\/types\/post"}],"author":[{"embeddable":true,"href":"https:\/\/biohof-silberberg.de\/index.php?rest_route=\/wp\/v2\/users\/1"}],"replies":[{"embeddable":true,"href":"https:\/\/biohof-silberberg.de\/index.php?rest_route=%2Fwp%2Fv2%2Fcomments&post=3455"}],"version-history":[{"count":22,"href":"https:\/\/biohof-silberberg.de\/index.php?rest_route=\/wp\/v2\/posts\/3455\/revisions"}],"predecessor-version":[{"id":3517,"href":"https:\/\/biohof-silberberg.de\/index.php?rest_route=\/wp\/v2\/posts\/3455\/revisions\/3517"}],"wp:featuredmedia":[{"embeddable":true,"href":"https:\/\/biohof-silberberg.de\/index.php?rest_route=\/wp\/v2\/media\/3468"}],"wp:attachment":[{"href":"https:\/\/biohof-silberberg.de\/index.php?rest_route=%2Fwp%2Fv2%2Fmedia&parent=3455"}],"wp:term":[{"taxonomy":"category","embeddable":true,"href":"https:\/\/biohof-silberberg.de\/index.php?rest_route=%2Fwp%2Fv2%2Fcategories&post=3455"},{"taxonomy":"post_tag","embeddable":true,"href":"https:\/\/biohof-silberberg.de\/index.php?rest_route=%2Fwp%2Fv2%2Ftags&post=3455"}],"curies":[{"name":"wp","href":"https:\/\/api.w.org\/{rel}","templated":true}]}}